{"id":11923,"date":"2022-07-12T12:59:31","date_gmt":"2022-07-12T12:59:31","guid":{"rendered":"https:\/\/www.armaton.com\/?p=11923"},"modified":"2023-04-13T14:09:30","modified_gmt":"2023-04-13T14:09:30","slug":"dags-igen-for-elmia-lastbil-24-27-augusti","status":"publish","type":"post","link":"https:\/\/www.armaton.com\/sv\/dags-igen-for-elmia-lastbil-24-27-augusti\/","title":{"rendered":"Dags igen f\u00f6r Elmia Lastbil, 24-27 augusti"},"content":{"rendered":"<div id=\"pl-11923\"  class=\"panel-layout\" ><div id=\"pg-11923-0\"  class=\"panel-grid panel-no-style\" ><div id=\"pgc-11923-0-0\"  class=\"panel-grid-cell panel-grid-cell-empty\" ><\/div><div id=\"pgc-11923-0-1\"  class=\"panel-grid-cell panel-grid-cell-mobile-last\" ><div id=\"panel-11923-0-1-0\" class=\"so-panel widget widget_sow-editor panel-first-child\" data-index=\"0\" ><div class=\"panel-widget-style panel-widget-style-for-11923-0-1-0\" ><div\n\t\t\t\n\t\t\tclass=\"so-widget-sow-editor so-widget-sow-editor-base\"\n\t\t\t\n\t\t>\n<div class=\"siteorigin-widget-tinymce textwidget\">\n\t<p><img loading=\"lazy\" decoding=\"async\" class=\"alignnone size-full wp-image-11925\" src=\"https:\/\/www.armaton.com\/wp-content\/uploads\/sites\/14\/2023\/04\/Armaton_flak2019-03700x465-1.png\" alt=\"\" width=\"700\" height=\"465\" srcset=\"https:\/\/www.armaton.com\/wp-content\/uploads\/sites\/14\/2023\/04\/Armaton_flak2019-03700x465-1.png 700w, https:\/\/www.armaton.com\/wp-content\/uploads\/sites\/14\/2023\/04\/Armaton_flak2019-03700x465-1-300x199.png 300w, https:\/\/www.armaton.com\/wp-content\/uploads\/sites\/14\/2023\/04\/Armaton_flak2019-03700x465-1-600x399.png 600w, https:\/\/www.armaton.com\/wp-content\/uploads\/sites\/14\/2023\/04\/Armaton_flak2019-03700x465-1-272x182.png 272w\" sizes=\"auto, (max-width: 700px) 100vw, 700px\" \/><\/p>\n<\/div>\n<\/div><\/div><\/div><div id=\"panel-11923-0-1-1\" class=\"so-panel widget widget_sow-editor panel-last-child\" data-index=\"1\" ><div\n\t\t\t\n\t\t\tclass=\"so-widget-sow-editor so-widget-sow-editor-base\"\n\t\t\t\n\t\t>\n<div class=\"siteorigin-widget-tinymce textwidget\">\n\t<p>Fyra \u00e5r har g\u00e5tt sedan f\u00f6rra Elmia Lastbil. D\u00e5 presenterade vi protypen p\u00e5 en unikt designad modul\u00e4r plattform f\u00f6r l\u00e4tta kommersiella fordon (LCV).<\/p>\n<p>P\u00e5 Elmia Lastbil 2022 ser vi fram emot att presentera Armaton Modular Platform och dess m\u00e5nga tillbeh\u00f6r!<\/p>\n<p>V\u00e4lkommen till Armatons &amp; Forankras monter B01:38!<\/p>\n<p>&nbsp;<\/p>\n<\/div>\n<\/div><\/div><\/div><div id=\"pgc-11923-0-2\"  class=\"panel-grid-cell panel-grid-cell-empty\" ><\/div><\/div><\/div>","protected":false},"excerpt":{"rendered":"<p>Fyra \u00e5r har g\u00e5tt sedan f\u00f6rra Elmia Lastbil. D\u00e5 presenterade vi protypen p\u00e5 en unikt designad modul\u00e4r plattform f\u00f6r l\u00e4tta kommersiella fordon (LCV). P\u00e5 Elmia Lastbil 2022 ser vi fram emot att presentera Armaton Modular Platform och dess m\u00e5nga tillbeh\u00f6r!<\/p>\n","protected":false},"author":2,"featured_media":11925,"comment_status":"open","ping_status":"open","sticky":false,"template":"","format":"standard","meta":{"footnotes":""},"categories":[1],"tags":[],"class_list":["post-11923","post","type-post","status-publish","format-standard","has-post-thumbnail","hentry","category-okategoriserad"],"yoast_head":"<!-- This site is optimized with the Yoast SEO plugin v20.4 - https:\/\/yoast.com\/wordpress\/plugins\/seo\/ -->\n<title>Dags igen f\u00f6r Elmia Lastbil, 24-27 augusti - Armaton<\/title>\n<meta name=\"robots\" content=\"index, follow, max-snippet:-1, max-image-preview:large, max-video-preview:-1\" \/>\n<link rel=\"canonical\" href=\"https:\/\/www.armaton.com\/sv\/dags-igen-for-elmia-lastbil-24-27-augusti\/\" \/>\n<meta property=\"og:locale\" content=\"sv_SE\" \/>\n<meta property=\"og:type\" content=\"article\" \/>\n<meta property=\"og:title\" content=\"Dags igen f\u00f6r Elmia Lastbil, 24-27 augusti - Armaton\" \/>\n<meta property=\"og:description\" content=\"Fyra \u00e5r har g\u00e5tt sedan f\u00f6rra Elmia Lastbil. D\u00e5 presenterade vi protypen p\u00e5 en unikt designad modul\u00e4r plattform f\u00f6r l\u00e4tta kommersiella fordon (LCV). P\u00e5 Elmia Lastbil 2022 ser vi fram emot att presentera Armaton Modular Platform och dess m\u00e5nga tillbeh\u00f6r!\" \/>\n<meta property=\"og:url\" content=\"https:\/\/www.armaton.com\/sv\/dags-igen-for-elmia-lastbil-24-27-augusti\/\" \/>\n<meta property=\"og:site_name\" content=\"Armaton\" \/>\n<meta property=\"article:published_time\" content=\"2022-07-12T12:59:31+00:00\" \/>\n<meta property=\"article:modified_time\" content=\"2023-04-13T14:09:30+00:00\" \/>\n<meta property=\"og:image\" content=\"https:\/\/www.armaton.com\/wp-content\/uploads\/sites\/14\/2023\/04\/Armaton_flak2019-03700x465-1.png\" \/>\n\t<meta property=\"og:image:width\" content=\"700\" \/>\n\t<meta property=\"og:image:height\" content=\"465\" \/>\n\t<meta property=\"og:image:type\" content=\"image\/png\" \/>\n<meta name=\"author\" content=\"annetted\" \/>\n<meta name=\"twitter:card\" content=\"summary_large_image\" \/>\n<meta name=\"twitter:label1\" content=\"Skriven av\" \/>\n\t<meta name=\"twitter:data1\" content=\"annetted\" \/>\n\t<meta name=\"twitter:label2\" content=\"Ber\u00e4knad l\u00e4stid\" \/>\n\t<meta name=\"twitter:data2\" content=\"1 minut\" \/>\n<script type=\"application\/ld+json\" class=\"yoast-schema-graph\">{\"@context\":\"https:\/\/schema.org\",\"@graph\":[{\"@type\":\"WebPage\",\"@id\":\"https:\/\/www.armaton.com\/sv\/dags-igen-for-elmia-lastbil-24-27-augusti\/\",\"url\":\"https:\/\/www.armaton.com\/sv\/dags-igen-for-elmia-lastbil-24-27-augusti\/\",\"name\":\"Dags igen f\u00f6r Elmia Lastbil, 24-27 augusti - Armaton\",\"isPartOf\":{\"@id\":\"https:\/\/www.armaton.com\/#website\"},\"datePublished\":\"2022-07-12T12:59:31+00:00\",\"dateModified\":\"2023-04-13T14:09:30+00:00\",\"author\":{\"@id\":\"https:\/\/www.armaton.com\/#\/schema\/person\/9526b4c27cb99b409506352f0c2f527b\"},\"breadcrumb\":{\"@id\":\"https:\/\/www.armaton.com\/sv\/dags-igen-for-elmia-lastbil-24-27-augusti\/#breadcrumb\"},\"inLanguage\":\"sv-SE\",\"potentialAction\":[{\"@type\":\"ReadAction\",\"target\":[\"https:\/\/www.armaton.com\/sv\/dags-igen-for-elmia-lastbil-24-27-augusti\/\"]}]},{\"@type\":\"BreadcrumbList\",\"@id\":\"https:\/\/www.armaton.com\/sv\/dags-igen-for-elmia-lastbil-24-27-augusti\/#breadcrumb\",\"itemListElement\":[{\"@type\":\"ListItem\",\"position\":1,\"name\":\"Home\",\"item\":\"https:\/\/www.armaton.com\/sv\/\"},{\"@type\":\"ListItem\",\"position\":2,\"name\":\"Dags igen f\u00f6r Elmia Lastbil, 24-27 augusti\"}]},{\"@type\":\"WebSite\",\"@id\":\"https:\/\/www.armaton.com\/#website\",\"url\":\"https:\/\/www.armaton.com\/\",\"name\":\"Armaton\",\"description\":\"Armaton Solutions \u2013 Desire To Improve\",\"potentialAction\":[{\"@type\":\"SearchAction\",\"target\":{\"@type\":\"EntryPoint\",\"urlTemplate\":\"https:\/\/www.armaton.com\/?s={search_term_string}\"},\"query-input\":\"required name=search_term_string\"}],\"inLanguage\":\"sv-SE\"},{\"@type\":\"Person\",\"@id\":\"https:\/\/www.armaton.com\/#\/schema\/person\/9526b4c27cb99b409506352f0c2f527b\",\"name\":\"annetted\",\"image\":{\"@type\":\"ImageObject\",\"inLanguage\":\"sv-SE\",\"@id\":\"https:\/\/www.armaton.com\/#\/schema\/person\/image\/\",\"url\":\"https:\/\/secure.gravatar.com\/avatar\/723fd59770dce1acc640c91300027643?s=96&d=mm&r=g\",\"contentUrl\":\"https:\/\/secure.gravatar.com\/avatar\/723fd59770dce1acc640c91300027643?s=96&d=mm&r=g\",\"caption\":\"annetted\"},\"url\":\"https:\/\/www.armaton.com\/sv\/author\/annetted\/\"}]}<\/script>\n<!-- \/ Yoast SEO plugin. -->","yoast_head_json":{"title":"Dags igen f\u00f6r Elmia Lastbil, 24-27 augusti - Armaton","robots":{"index":"index","follow":"follow","max-snippet":"max-snippet:-1","max-image-preview":"max-image-preview:large","max-video-preview":"max-video-preview:-1"},"canonical":"https:\/\/www.armaton.com\/sv\/dags-igen-for-elmia-lastbil-24-27-augusti\/","og_locale":"sv_SE","og_type":"article","og_title":"Dags igen f\u00f6r Elmia Lastbil, 24-27 augusti - Armaton","og_description":"Fyra \u00e5r har g\u00e5tt sedan f\u00f6rra Elmia Lastbil. D\u00e5 presenterade vi protypen p\u00e5 en unikt designad modul\u00e4r plattform f\u00f6r l\u00e4tta kommersiella fordon (LCV). P\u00e5 Elmia Lastbil 2022 ser vi fram emot att presentera Armaton Modular Platform och dess m\u00e5nga tillbeh\u00f6r!","og_url":"https:\/\/www.armaton.com\/sv\/dags-igen-for-elmia-lastbil-24-27-augusti\/","og_site_name":"Armaton","article_published_time":"2022-07-12T12:59:31+00:00","article_modified_time":"2023-04-13T14:09:30+00:00","og_image":[{"width":700,"height":465,"url":"https:\/\/www.armaton.com\/wp-content\/uploads\/sites\/14\/2023\/04\/Armaton_flak2019-03700x465-1.png","type":"image\/png"}],"author":"annetted","twitter_card":"summary_large_image","twitter_misc":{"Skriven av":"annetted","Ber\u00e4knad l\u00e4stid":"1 minut"},"schema":{"@context":"https:\/\/schema.org","@graph":[{"@type":"WebPage","@id":"https:\/\/www.armaton.com\/sv\/dags-igen-for-elmia-lastbil-24-27-augusti\/","url":"https:\/\/www.armaton.com\/sv\/dags-igen-for-elmia-lastbil-24-27-augusti\/","name":"Dags igen f\u00f6r Elmia Lastbil, 24-27 augusti - Armaton","isPartOf":{"@id":"https:\/\/www.armaton.com\/#website"},"datePublished":"2022-07-12T12:59:31+00:00","dateModified":"2023-04-13T14:09:30+00:00","author":{"@id":"https:\/\/www.armaton.com\/#\/schema\/person\/9526b4c27cb99b409506352f0c2f527b"},"breadcrumb":{"@id":"https:\/\/www.armaton.com\/sv\/dags-igen-for-elmia-lastbil-24-27-augusti\/#breadcrumb"},"inLanguage":"sv-SE","potentialAction":[{"@type":"ReadAction","target":["https:\/\/www.armaton.com\/sv\/dags-igen-for-elmia-lastbil-24-27-augusti\/"]}]},{"@type":"BreadcrumbList","@id":"https:\/\/www.armaton.com\/sv\/dags-igen-for-elmia-lastbil-24-27-augusti\/#breadcrumb","itemListElement":[{"@type":"ListItem","position":1,"name":"Home","item":"https:\/\/www.armaton.com\/sv\/"},{"@type":"ListItem","position":2,"name":"Dags igen f\u00f6r Elmia Lastbil, 24-27 augusti"}]},{"@type":"WebSite","@id":"https:\/\/www.armaton.com\/#website","url":"https:\/\/www.armaton.com\/","name":"Armaton","description":"Armaton Solutions \u2013 Desire To Improve","potentialAction":[{"@type":"SearchAction","target":{"@type":"EntryPoint","urlTemplate":"https:\/\/www.armaton.com\/?s={search_term_string}"},"query-input":"required name=search_term_string"}],"inLanguage":"sv-SE"},{"@type":"Person","@id":"https:\/\/www.armaton.com\/#\/schema\/person\/9526b4c27cb99b409506352f0c2f527b","name":"annetted","image":{"@type":"ImageObject","inLanguage":"sv-SE","@id":"https:\/\/www.armaton.com\/#\/schema\/person\/image\/","url":"https:\/\/secure.gravatar.com\/avatar\/723fd59770dce1acc640c91300027643?s=96&d=mm&r=g","contentUrl":"https:\/\/secure.gravatar.com\/avatar\/723fd59770dce1acc640c91300027643?s=96&d=mm&r=g","caption":"annetted"},"url":"https:\/\/www.armaton.com\/sv\/author\/annetted\/"}]}},"_links":{"self":[{"href":"https:\/\/www.armaton.com\/sv\/wp-json\/wp\/v2\/posts\/11923","targetHints":{"allow":["GET"]}}],"collection":[{"href":"https:\/\/www.armaton.com\/sv\/wp-json\/wp\/v2\/posts"}],"about":[{"href":"https:\/\/www.armaton.com\/sv\/wp-json\/wp\/v2\/types\/post"}],"author":[{"embeddable":true,"href":"https:\/\/www.armaton.com\/sv\/wp-json\/wp\/v2\/users\/2"}],"replies":[{"embeddable":true,"href":"https:\/\/www.armaton.com\/sv\/wp-json\/wp\/v2\/comments?post=11923"}],"version-history":[{"count":3,"href":"https:\/\/www.armaton.com\/sv\/wp-json\/wp\/v2\/posts\/11923\/revisions"}],"predecessor-version":[{"id":12037,"href":"https:\/\/www.armaton.com\/sv\/wp-json\/wp\/v2\/posts\/11923\/revisions\/12037"}],"wp:featuredmedia":[{"embeddable":true,"href":"https:\/\/www.armaton.com\/sv\/wp-json\/wp\/v2\/media\/11925"}],"wp:attachment":[{"href":"https:\/\/www.armaton.com\/sv\/wp-json\/wp\/v2\/media?parent=11923"}],"wp:term":[{"taxonomy":"category","embeddable":true,"href":"https:\/\/www.armaton.com\/sv\/wp-json\/wp\/v2\/categories?post=11923"},{"taxonomy":"post_tag","embeddable":true,"href":"https:\/\/www.armaton.com\/sv\/wp-json\/wp\/v2\/tags?post=11923"}],"curies":[{"name":"wp","href":"https:\/\/api.w.org\/{rel}","templated":true}]}}