{"id":4808,"date":"2019-06-20T10:25:29","date_gmt":"2019-06-20T10:25:29","guid":{"rendered":"https:\/\/www.armaton.com\/?p=4808"},"modified":"2019-11-15T13:23:07","modified_gmt":"2019-11-15T13:23:07","slug":"forankra-spain-lanserar-armaton-mp-i-barcelona","status":"publish","type":"post","link":"https:\/\/www.armaton.com\/sv\/forankra-spain-lanserar-armaton-mp-i-barcelona\/","title":{"rendered":"Forankra Spain lanserar Armaton MP i Barcelona"},"content":{"rendered":"<div id=\"pl-4808\"  class=\"panel-layout\" ><div id=\"pg-4808-0\"  class=\"panel-grid panel-no-style\" ><div id=\"pgc-4808-0-0\"  class=\"panel-grid-cell panel-grid-cell-empty\" ><\/div><div id=\"pgc-4808-0-1\"  class=\"panel-grid-cell panel-grid-cell-mobile-last\" ><div id=\"panel-4808-0-1-0\" class=\"so-panel widget widget_sow-image panel-first-child\" data-index=\"0\" ><div\n\t\t\t\n\t\t\tclass=\"so-widget-sow-image so-widget-sow-image-default-8b5b6f678277-4808\"\n\t\t\t\n\t\t>\n\n<div class=\"sow-image-container\">\n\t\t<img decoding=\"async\" src=\"https:\/\/www.armaton.com\/wp-content\/uploads\/sites\/14\/2019\/06\/Armaton_flak2019-03700x465-1.jpg\" width=\"700\" height=\"465\" srcset=\"https:\/\/www.armaton.com\/wp-content\/uploads\/sites\/14\/2019\/06\/Armaton_flak2019-03700x465-1.jpg 700w, https:\/\/www.armaton.com\/wp-content\/uploads\/sites\/14\/2019\/06\/Armaton_flak2019-03700x465-1-300x199.jpg 300w, https:\/\/www.armaton.com\/wp-content\/uploads\/sites\/14\/2019\/06\/Armaton_flak2019-03700x465-1-600x399.jpg 600w, https:\/\/www.armaton.com\/wp-content\/uploads\/sites\/14\/2019\/06\/Armaton_flak2019-03700x465-1-272x182.jpg 272w\" sizes=\"auto, (max-width: 700px) 100vw, 700px\" title=\"Armaton_flak,2019-03,700&#215;465\" alt=\"\" loading=\"lazy\" \t\tclass=\"so-widget-image\"\/>\n\t<\/div>\n\n<\/div><\/div><div id=\"panel-4808-0-1-1\" class=\"so-panel widget widget_sow-editor panel-last-child\" data-index=\"1\" ><div\n\t\t\t\n\t\t\tclass=\"so-widget-sow-editor so-widget-sow-editor-base\"\n\t\t\t\n\t\t>\n<div class=\"siteorigin-widget-tinymce textwidget\">\n\t<p><span style=\"font-size: 18px;\">Lanseringen av Armaton Modular Platform Kit forts\u00e4tter och i juni var det dags f\u00f6r den spanska marknaden\u00a0 och Forankra Spain att introducera det nya systemet i Barcelona i samband med <\/span><span style=\"font-size: 18px;\">SILBARCELONA, 26-28 juni.<\/span><\/p>\n<p><span style=\"font-size: 18px;\">Armaton MP (Modular Platform) \u2013 ett nytt flaksystem f\u00f6r l\u00e4tta transportbildar, som maximerar lastutrymmet och som g\u00f6r det m\u00f6jligt att funktionsanpassa arbetsfordon.\u00a0<\/span><\/p>\n<p><a href=\"https:\/\/www.armaton.com\/modular-platform-kit\/\"><span style=\"font-size: 18px;\">Read more about the Armaton Modular Platform here.<\/span><\/a><\/p>\n<p>&nbsp;<\/p>\n<\/div>\n<\/div><\/div><\/div><div id=\"pgc-4808-0-2\"  class=\"panel-grid-cell panel-grid-cell-empty\" ><\/div><\/div><\/div>","protected":false},"excerpt":{"rendered":"<p>Lanseringen av Armaton Modular Platform Kit forts\u00e4tter och i juni var det dags f\u00f6r den spanska marknaden\u00a0 och Forankra Spain att introducera det nya systemet i Barcelona i samband med SILBARCELONA, 26-28 juni.<\/p>\n","protected":false},"author":2,"featured_media":3311,"comment_status":"open","ping_status":"open","sticky":false,"template":"","format":"standard","meta":{"footnotes":""},"categories":[1],"tags":[],"class_list":["post-4808","post","type-post","status-publish","format-standard","has-post-thumbnail","hentry","category-okategoriserad"],"yoast_head":"<!-- This site is optimized with the Yoast SEO plugin v20.4 - https:\/\/yoast.com\/wordpress\/plugins\/seo\/ -->\n<title>Forankra Spain lanserar Armaton MP i Barcelona - Armaton<\/title>\n<meta name=\"robots\" content=\"index, follow, max-snippet:-1, max-image-preview:large, max-video-preview:-1\" \/>\n<link rel=\"canonical\" href=\"https:\/\/www.armaton.com\/sv\/forankra-spain-lanserar-armaton-mp-i-barcelona\/\" \/>\n<meta property=\"og:locale\" content=\"sv_SE\" \/>\n<meta property=\"og:type\" content=\"article\" \/>\n<meta property=\"og:title\" content=\"Forankra Spain lanserar Armaton MP i Barcelona - Armaton\" \/>\n<meta property=\"og:description\" content=\"Lanseringen av Armaton Modular Platform Kit forts\u00e4tter och i juni var det dags f\u00f6r den spanska marknaden\u00a0 och Forankra Spain att introducera det nya systemet i Barcelona i samband med SILBARCELONA, 26-28 juni.\" \/>\n<meta property=\"og:url\" content=\"https:\/\/www.armaton.com\/sv\/forankra-spain-lanserar-armaton-mp-i-barcelona\/\" \/>\n<meta property=\"og:site_name\" content=\"Armaton\" \/>\n<meta property=\"article:published_time\" content=\"2019-06-20T10:25:29+00:00\" \/>\n<meta property=\"article:modified_time\" content=\"2019-11-15T13:23:07+00:00\" \/>\n<meta property=\"og:image\" content=\"https:\/\/www.armaton.com\/wp-content\/uploads\/sites\/14\/2019\/06\/Armaton_flak2019-03700x465-1.jpg\" \/>\n\t<meta property=\"og:image:width\" content=\"700\" \/>\n\t<meta property=\"og:image:height\" content=\"465\" \/>\n\t<meta property=\"og:image:type\" content=\"image\/jpeg\" \/>\n<meta name=\"author\" content=\"annetted\" \/>\n<meta name=\"twitter:card\" content=\"summary_large_image\" \/>\n<meta name=\"twitter:label1\" content=\"Skriven av\" \/>\n\t<meta name=\"twitter:data1\" content=\"annetted\" \/>\n<script type=\"application\/ld+json\" class=\"yoast-schema-graph\">{\"@context\":\"https:\/\/schema.org\",\"@graph\":[{\"@type\":\"WebPage\",\"@id\":\"https:\/\/www.armaton.com\/sv\/forankra-spain-lanserar-armaton-mp-i-barcelona\/\",\"url\":\"https:\/\/www.armaton.com\/sv\/forankra-spain-lanserar-armaton-mp-i-barcelona\/\",\"name\":\"Forankra Spain lanserar Armaton MP i Barcelona - Armaton\",\"isPartOf\":{\"@id\":\"https:\/\/www.armaton.com\/#website\"},\"datePublished\":\"2019-06-20T10:25:29+00:00\",\"dateModified\":\"2019-11-15T13:23:07+00:00\",\"author\":{\"@id\":\"https:\/\/www.armaton.com\/#\/schema\/person\/9526b4c27cb99b409506352f0c2f527b\"},\"breadcrumb\":{\"@id\":\"https:\/\/www.armaton.com\/sv\/forankra-spain-lanserar-armaton-mp-i-barcelona\/#breadcrumb\"},\"inLanguage\":\"sv-SE\",\"potentialAction\":[{\"@type\":\"ReadAction\",\"target\":[\"https:\/\/www.armaton.com\/sv\/forankra-spain-lanserar-armaton-mp-i-barcelona\/\"]}]},{\"@type\":\"BreadcrumbList\",\"@id\":\"https:\/\/www.armaton.com\/sv\/forankra-spain-lanserar-armaton-mp-i-barcelona\/#breadcrumb\",\"itemListElement\":[{\"@type\":\"ListItem\",\"position\":1,\"name\":\"Home\",\"item\":\"https:\/\/www.armaton.com\/sv\/\"},{\"@type\":\"ListItem\",\"position\":2,\"name\":\"Forankra Spain lanserar Armaton MP i Barcelona\"}]},{\"@type\":\"WebSite\",\"@id\":\"https:\/\/www.armaton.com\/#website\",\"url\":\"https:\/\/www.armaton.com\/\",\"name\":\"Armaton\",\"description\":\"Armaton Solutions \u2013 Desire To Improve\",\"potentialAction\":[{\"@type\":\"SearchAction\",\"target\":{\"@type\":\"EntryPoint\",\"urlTemplate\":\"https:\/\/www.armaton.com\/?s={search_term_string}\"},\"query-input\":\"required name=search_term_string\"}],\"inLanguage\":\"sv-SE\"},{\"@type\":\"Person\",\"@id\":\"https:\/\/www.armaton.com\/#\/schema\/person\/9526b4c27cb99b409506352f0c2f527b\",\"name\":\"annetted\",\"image\":{\"@type\":\"ImageObject\",\"inLanguage\":\"sv-SE\",\"@id\":\"https:\/\/www.armaton.com\/#\/schema\/person\/image\/\",\"url\":\"https:\/\/secure.gravatar.com\/avatar\/723fd59770dce1acc640c91300027643?s=96&d=mm&r=g\",\"contentUrl\":\"https:\/\/secure.gravatar.com\/avatar\/723fd59770dce1acc640c91300027643?s=96&d=mm&r=g\",\"caption\":\"annetted\"},\"url\":\"https:\/\/www.armaton.com\/sv\/author\/annetted\/\"}]}<\/script>\n<!-- \/ Yoast SEO plugin. -->","yoast_head_json":{"title":"Forankra Spain lanserar Armaton MP i Barcelona - Armaton","robots":{"index":"index","follow":"follow","max-snippet":"max-snippet:-1","max-image-preview":"max-image-preview:large","max-video-preview":"max-video-preview:-1"},"canonical":"https:\/\/www.armaton.com\/sv\/forankra-spain-lanserar-armaton-mp-i-barcelona\/","og_locale":"sv_SE","og_type":"article","og_title":"Forankra Spain lanserar Armaton MP i Barcelona - Armaton","og_description":"Lanseringen av Armaton Modular Platform Kit forts\u00e4tter och i juni var det dags f\u00f6r den spanska marknaden\u00a0 och Forankra Spain att introducera det nya systemet i Barcelona i samband med SILBARCELONA, 26-28 juni.","og_url":"https:\/\/www.armaton.com\/sv\/forankra-spain-lanserar-armaton-mp-i-barcelona\/","og_site_name":"Armaton","article_published_time":"2019-06-20T10:25:29+00:00","article_modified_time":"2019-11-15T13:23:07+00:00","og_image":[{"width":700,"height":465,"url":"https:\/\/www.armaton.com\/wp-content\/uploads\/sites\/14\/2019\/06\/Armaton_flak2019-03700x465-1.jpg","type":"image\/jpeg"}],"author":"annetted","twitter_card":"summary_large_image","twitter_misc":{"Skriven av":"annetted"},"schema":{"@context":"https:\/\/schema.org","@graph":[{"@type":"WebPage","@id":"https:\/\/www.armaton.com\/sv\/forankra-spain-lanserar-armaton-mp-i-barcelona\/","url":"https:\/\/www.armaton.com\/sv\/forankra-spain-lanserar-armaton-mp-i-barcelona\/","name":"Forankra Spain lanserar Armaton MP i Barcelona - Armaton","isPartOf":{"@id":"https:\/\/www.armaton.com\/#website"},"datePublished":"2019-06-20T10:25:29+00:00","dateModified":"2019-11-15T13:23:07+00:00","author":{"@id":"https:\/\/www.armaton.com\/#\/schema\/person\/9526b4c27cb99b409506352f0c2f527b"},"breadcrumb":{"@id":"https:\/\/www.armaton.com\/sv\/forankra-spain-lanserar-armaton-mp-i-barcelona\/#breadcrumb"},"inLanguage":"sv-SE","potentialAction":[{"@type":"ReadAction","target":["https:\/\/www.armaton.com\/sv\/forankra-spain-lanserar-armaton-mp-i-barcelona\/"]}]},{"@type":"BreadcrumbList","@id":"https:\/\/www.armaton.com\/sv\/forankra-spain-lanserar-armaton-mp-i-barcelona\/#breadcrumb","itemListElement":[{"@type":"ListItem","position":1,"name":"Home","item":"https:\/\/www.armaton.com\/sv\/"},{"@type":"ListItem","position":2,"name":"Forankra Spain lanserar Armaton MP i Barcelona"}]},{"@type":"WebSite","@id":"https:\/\/www.armaton.com\/#website","url":"https:\/\/www.armaton.com\/","name":"Armaton","description":"Armaton Solutions \u2013 Desire To Improve","potentialAction":[{"@type":"SearchAction","target":{"@type":"EntryPoint","urlTemplate":"https:\/\/www.armaton.com\/?s={search_term_string}"},"query-input":"required name=search_term_string"}],"inLanguage":"sv-SE"},{"@type":"Person","@id":"https:\/\/www.armaton.com\/#\/schema\/person\/9526b4c27cb99b409506352f0c2f527b","name":"annetted","image":{"@type":"ImageObject","inLanguage":"sv-SE","@id":"https:\/\/www.armaton.com\/#\/schema\/person\/image\/","url":"https:\/\/secure.gravatar.com\/avatar\/723fd59770dce1acc640c91300027643?s=96&d=mm&r=g","contentUrl":"https:\/\/secure.gravatar.com\/avatar\/723fd59770dce1acc640c91300027643?s=96&d=mm&r=g","caption":"annetted"},"url":"https:\/\/www.armaton.com\/sv\/author\/annetted\/"}]}},"_links":{"self":[{"href":"https:\/\/www.armaton.com\/sv\/wp-json\/wp\/v2\/posts\/4808","targetHints":{"allow":["GET"]}}],"collection":[{"href":"https:\/\/www.armaton.com\/sv\/wp-json\/wp\/v2\/posts"}],"about":[{"href":"https:\/\/www.armaton.com\/sv\/wp-json\/wp\/v2\/types\/post"}],"author":[{"embeddable":true,"href":"https:\/\/www.armaton.com\/sv\/wp-json\/wp\/v2\/users\/2"}],"replies":[{"embeddable":true,"href":"https:\/\/www.armaton.com\/sv\/wp-json\/wp\/v2\/comments?post=4808"}],"version-history":[{"count":6,"href":"https:\/\/www.armaton.com\/sv\/wp-json\/wp\/v2\/posts\/4808\/revisions"}],"predecessor-version":[{"id":4895,"href":"https:\/\/www.armaton.com\/sv\/wp-json\/wp\/v2\/posts\/4808\/revisions\/4895"}],"wp:featuredmedia":[{"embeddable":true,"href":"https:\/\/www.armaton.com\/sv\/wp-json\/wp\/v2\/media\/3311"}],"wp:attachment":[{"href":"https:\/\/www.armaton.com\/sv\/wp-json\/wp\/v2\/media?parent=4808"}],"wp:term":[{"taxonomy":"category","embeddable":true,"href":"https:\/\/www.armaton.com\/sv\/wp-json\/wp\/v2\/categories?post=4808"},{"taxonomy":"post_tag","embeddable":true,"href":"https:\/\/www.armaton.com\/sv\/wp-json\/wp\/v2\/tags?post=4808"}],"curies":[{"name":"wp","href":"https:\/\/api.w.org\/{rel}","templated":true}]}}