{"id":4834,"date":"2019-03-25T12:07:30","date_gmt":"2019-03-25T12:07:30","guid":{"rendered":"https:\/\/www.armaton.com\/?p=4834"},"modified":"2019-11-17T16:11:49","modified_gmt":"2019-11-17T16:11:49","slug":"maton-mp-lanserad-pa-transport-2019-herning","status":"publish","type":"post","link":"https:\/\/www.armaton.com\/sv\/maton-mp-lanserad-pa-transport-2019-herning\/","title":{"rendered":"Armaton MP lanserad p\u00e5 Transport 2019, Herning, 21-23 mars"},"content":{"rendered":"<div id=\"pl-4834\"  class=\"panel-layout\" ><div id=\"pg-4834-0\"  class=\"panel-grid panel-no-style\" ><div id=\"pgc-4834-0-0\"  class=\"panel-grid-cell panel-grid-cell-empty\" ><\/div><div id=\"pgc-4834-0-1\"  class=\"panel-grid-cell panel-grid-cell-mobile-last\" ><div id=\"panel-4834-0-1-0\" class=\"so-panel widget widget_sow-image panel-first-child\" data-index=\"0\" ><div\n\t\t\t\n\t\t\tclass=\"so-widget-sow-image so-widget-sow-image-default-8b5b6f678277-4834\"\n\t\t\t\n\t\t>\n\n<div class=\"sow-image-container\">\n\t\t<img decoding=\"async\" src=\"https:\/\/www.armaton.com\/wp-content\/uploads\/sites\/14\/2019\/07\/Herning700x465.png\" width=\"700\" height=\"465\" srcset=\"https:\/\/www.armaton.com\/wp-content\/uploads\/sites\/14\/2019\/07\/Herning700x465.png 700w, https:\/\/www.armaton.com\/wp-content\/uploads\/sites\/14\/2019\/07\/Herning700x465-300x199.png 300w, https:\/\/www.armaton.com\/wp-content\/uploads\/sites\/14\/2019\/07\/Herning700x465-600x399.png 600w, https:\/\/www.armaton.com\/wp-content\/uploads\/sites\/14\/2019\/07\/Herning700x465-272x182.png 272w\" sizes=\"auto, (max-width: 700px) 100vw, 700px\" title=\"Herning,700&#215;465\" alt=\"\" loading=\"lazy\" \t\tclass=\"so-widget-image\"\/>\n\t<\/div>\n\n<\/div><\/div><div id=\"panel-4834-0-1-1\" class=\"so-panel widget widget_sow-editor panel-last-child\" data-index=\"1\" ><div\n\t\t\t\n\t\t\tclass=\"so-widget-sow-editor so-widget-sow-editor-base\"\n\t\t\t\n\t\t>\n<div class=\"siteorigin-widget-tinymce textwidget\">\n\t<p><span style=\"font-size: 18px;\">Armaton MP visades upp i Renaults monter p\u00e5 Transport 2019 i Herning, Danmark 21-23 mars. Intresset f\u00f6r det nya systemet var stort p\u00e5 m\u00e4ssan. Detta var f\u00f6rsta g\u00e5ngen som Armaton Modular Platform visades upp p\u00e5 en Renault Master, vilket gjorde det enkelt att demonstrera systemets f\u00f6rdelar:<\/span><\/p>\n<p><span lang=\"EN\" style=\"font-size: 18px;\">\u2022 Nya profiler med integrerade g\u00e5ngj\u00e4rn och stegl\u00f6s lasts\u00e4kring som inte inkr\u00e4ktar p\u00e5 lastytan (till skillnad fr\u00e5n vanlig lasts\u00e4kring)<\/span><\/p>\n<p><span lang=\"EN\" style=\"font-size: 18px;\">\u2022 Sp\u00e4nnband, som kan placeras var som helst p\u00e5 flakets sidor, vilket g\u00f6r det enklare att s\u00e4kra godset och f\u00e5 effektivare transportl\u00f6sning<\/span><\/p>\n<p><span lang=\"EN\"><span style=\"font-size: 18px;\">\u2022 L\u00e5g vikt och robust konstruktion av anodiserad aluminium bidrar till maximal last.<\/span><\/span><\/p>\n<p>&nbsp;<\/p>\n<\/div>\n<\/div><\/div><\/div><div id=\"pgc-4834-0-2\"  class=\"panel-grid-cell panel-grid-cell-empty\" ><\/div><\/div><\/div>","protected":false},"excerpt":{"rendered":"<p>Armaton MP visades upp i Renaults monter p\u00e5 Transport 2019 i Herning, Danmark 21-23 mars. Detta var f\u00f6rsta g\u00e5ngen som Armaton Modular Platform visades upp p\u00e5 en Renault Master, vilket gjorde det enkelt att demonstrera systemets f\u00f6rdelar.<\/p>\n","protected":false},"author":2,"featured_media":3266,"comment_status":"open","ping_status":"open","sticky":false,"template":"","format":"standard","meta":{"footnotes":""},"categories":[1],"tags":[],"class_list":["post-4834","post","type-post","status-publish","format-standard","has-post-thumbnail","hentry","category-okategoriserad"],"yoast_head":"<!-- This site is optimized with the Yoast SEO plugin v20.4 - https:\/\/yoast.com\/wordpress\/plugins\/seo\/ -->\n<title>Armaton MP lanserad p\u00e5 Transport 2019, Herning, 21-23 mars - Armaton<\/title>\n<meta name=\"robots\" content=\"index, follow, max-snippet:-1, max-image-preview:large, max-video-preview:-1\" \/>\n<link rel=\"canonical\" href=\"https:\/\/www.armaton.com\/sv\/maton-mp-lanserad-pa-transport-2019-herning\/\" \/>\n<meta property=\"og:locale\" content=\"sv_SE\" \/>\n<meta property=\"og:type\" content=\"article\" \/>\n<meta property=\"og:title\" content=\"Armaton MP lanserad p\u00e5 Transport 2019, Herning, 21-23 mars - Armaton\" \/>\n<meta property=\"og:description\" content=\"Armaton MP visades upp i Renaults monter p\u00e5 Transport 2019 i Herning, Danmark 21-23 mars. Detta var f\u00f6rsta g\u00e5ngen som Armaton Modular Platform visades upp p\u00e5 en Renault Master, vilket gjorde det enkelt att demonstrera systemets f\u00f6rdelar.\" \/>\n<meta property=\"og:url\" content=\"https:\/\/www.armaton.com\/sv\/maton-mp-lanserad-pa-transport-2019-herning\/\" \/>\n<meta property=\"og:site_name\" content=\"Armaton\" \/>\n<meta property=\"article:published_time\" content=\"2019-03-25T12:07:30+00:00\" \/>\n<meta property=\"article:modified_time\" content=\"2019-11-17T16:11:49+00:00\" \/>\n<meta property=\"og:image\" content=\"https:\/\/www.armaton.com\/wp-content\/uploads\/sites\/14\/2019\/07\/Herning700x465.png\" \/>\n\t<meta property=\"og:image:width\" content=\"700\" \/>\n\t<meta property=\"og:image:height\" content=\"465\" \/>\n\t<meta property=\"og:image:type\" content=\"image\/png\" \/>\n<meta name=\"author\" content=\"annetted\" \/>\n<meta name=\"twitter:card\" content=\"summary_large_image\" \/>\n<meta name=\"twitter:label1\" content=\"Skriven av\" \/>\n\t<meta name=\"twitter:data1\" content=\"annetted\" \/>\n\t<meta name=\"twitter:label2\" content=\"Ber\u00e4knad l\u00e4stid\" \/>\n\t<meta name=\"twitter:data2\" content=\"1 minut\" \/>\n<script type=\"application\/ld+json\" class=\"yoast-schema-graph\">{\"@context\":\"https:\/\/schema.org\",\"@graph\":[{\"@type\":\"WebPage\",\"@id\":\"https:\/\/www.armaton.com\/sv\/maton-mp-lanserad-pa-transport-2019-herning\/\",\"url\":\"https:\/\/www.armaton.com\/sv\/maton-mp-lanserad-pa-transport-2019-herning\/\",\"name\":\"Armaton MP lanserad p\u00e5 Transport 2019, Herning, 21-23 mars - Armaton\",\"isPartOf\":{\"@id\":\"https:\/\/www.armaton.com\/#website\"},\"datePublished\":\"2019-03-25T12:07:30+00:00\",\"dateModified\":\"2019-11-17T16:11:49+00:00\",\"author\":{\"@id\":\"https:\/\/www.armaton.com\/#\/schema\/person\/9526b4c27cb99b409506352f0c2f527b\"},\"breadcrumb\":{\"@id\":\"https:\/\/www.armaton.com\/sv\/maton-mp-lanserad-pa-transport-2019-herning\/#breadcrumb\"},\"inLanguage\":\"sv-SE\",\"potentialAction\":[{\"@type\":\"ReadAction\",\"target\":[\"https:\/\/www.armaton.com\/sv\/maton-mp-lanserad-pa-transport-2019-herning\/\"]}]},{\"@type\":\"BreadcrumbList\",\"@id\":\"https:\/\/www.armaton.com\/sv\/maton-mp-lanserad-pa-transport-2019-herning\/#breadcrumb\",\"itemListElement\":[{\"@type\":\"ListItem\",\"position\":1,\"name\":\"Home\",\"item\":\"https:\/\/www.armaton.com\/sv\/\"},{\"@type\":\"ListItem\",\"position\":2,\"name\":\"Armaton MP lanserad p\u00e5 Transport 2019, Herning, 21-23 mars\"}]},{\"@type\":\"WebSite\",\"@id\":\"https:\/\/www.armaton.com\/#website\",\"url\":\"https:\/\/www.armaton.com\/\",\"name\":\"Armaton\",\"description\":\"Armaton Solutions \u2013 Desire To Improve\",\"potentialAction\":[{\"@type\":\"SearchAction\",\"target\":{\"@type\":\"EntryPoint\",\"urlTemplate\":\"https:\/\/www.armaton.com\/?s={search_term_string}\"},\"query-input\":\"required name=search_term_string\"}],\"inLanguage\":\"sv-SE\"},{\"@type\":\"Person\",\"@id\":\"https:\/\/www.armaton.com\/#\/schema\/person\/9526b4c27cb99b409506352f0c2f527b\",\"name\":\"annetted\",\"image\":{\"@type\":\"ImageObject\",\"inLanguage\":\"sv-SE\",\"@id\":\"https:\/\/www.armaton.com\/#\/schema\/person\/image\/\",\"url\":\"https:\/\/secure.gravatar.com\/avatar\/723fd59770dce1acc640c91300027643?s=96&d=mm&r=g\",\"contentUrl\":\"https:\/\/secure.gravatar.com\/avatar\/723fd59770dce1acc640c91300027643?s=96&d=mm&r=g\",\"caption\":\"annetted\"},\"url\":\"https:\/\/www.armaton.com\/sv\/author\/annetted\/\"}]}<\/script>\n<!-- \/ Yoast SEO plugin. -->","yoast_head_json":{"title":"Armaton MP lanserad p\u00e5 Transport 2019, Herning, 21-23 mars - Armaton","robots":{"index":"index","follow":"follow","max-snippet":"max-snippet:-1","max-image-preview":"max-image-preview:large","max-video-preview":"max-video-preview:-1"},"canonical":"https:\/\/www.armaton.com\/sv\/maton-mp-lanserad-pa-transport-2019-herning\/","og_locale":"sv_SE","og_type":"article","og_title":"Armaton MP lanserad p\u00e5 Transport 2019, Herning, 21-23 mars - Armaton","og_description":"Armaton MP visades upp i Renaults monter p\u00e5 Transport 2019 i Herning, Danmark 21-23 mars. Detta var f\u00f6rsta g\u00e5ngen som Armaton Modular Platform visades upp p\u00e5 en Renault Master, vilket gjorde det enkelt att demonstrera systemets f\u00f6rdelar.","og_url":"https:\/\/www.armaton.com\/sv\/maton-mp-lanserad-pa-transport-2019-herning\/","og_site_name":"Armaton","article_published_time":"2019-03-25T12:07:30+00:00","article_modified_time":"2019-11-17T16:11:49+00:00","og_image":[{"width":700,"height":465,"url":"https:\/\/www.armaton.com\/wp-content\/uploads\/sites\/14\/2019\/07\/Herning700x465.png","type":"image\/png"}],"author":"annetted","twitter_card":"summary_large_image","twitter_misc":{"Skriven av":"annetted","Ber\u00e4knad l\u00e4stid":"1 minut"},"schema":{"@context":"https:\/\/schema.org","@graph":[{"@type":"WebPage","@id":"https:\/\/www.armaton.com\/sv\/maton-mp-lanserad-pa-transport-2019-herning\/","url":"https:\/\/www.armaton.com\/sv\/maton-mp-lanserad-pa-transport-2019-herning\/","name":"Armaton MP lanserad p\u00e5 Transport 2019, Herning, 21-23 mars - Armaton","isPartOf":{"@id":"https:\/\/www.armaton.com\/#website"},"datePublished":"2019-03-25T12:07:30+00:00","dateModified":"2019-11-17T16:11:49+00:00","author":{"@id":"https:\/\/www.armaton.com\/#\/schema\/person\/9526b4c27cb99b409506352f0c2f527b"},"breadcrumb":{"@id":"https:\/\/www.armaton.com\/sv\/maton-mp-lanserad-pa-transport-2019-herning\/#breadcrumb"},"inLanguage":"sv-SE","potentialAction":[{"@type":"ReadAction","target":["https:\/\/www.armaton.com\/sv\/maton-mp-lanserad-pa-transport-2019-herning\/"]}]},{"@type":"BreadcrumbList","@id":"https:\/\/www.armaton.com\/sv\/maton-mp-lanserad-pa-transport-2019-herning\/#breadcrumb","itemListElement":[{"@type":"ListItem","position":1,"name":"Home","item":"https:\/\/www.armaton.com\/sv\/"},{"@type":"ListItem","position":2,"name":"Armaton MP lanserad p\u00e5 Transport 2019, Herning, 21-23 mars"}]},{"@type":"WebSite","@id":"https:\/\/www.armaton.com\/#website","url":"https:\/\/www.armaton.com\/","name":"Armaton","description":"Armaton Solutions \u2013 Desire To Improve","potentialAction":[{"@type":"SearchAction","target":{"@type":"EntryPoint","urlTemplate":"https:\/\/www.armaton.com\/?s={search_term_string}"},"query-input":"required name=search_term_string"}],"inLanguage":"sv-SE"},{"@type":"Person","@id":"https:\/\/www.armaton.com\/#\/schema\/person\/9526b4c27cb99b409506352f0c2f527b","name":"annetted","image":{"@type":"ImageObject","inLanguage":"sv-SE","@id":"https:\/\/www.armaton.com\/#\/schema\/person\/image\/","url":"https:\/\/secure.gravatar.com\/avatar\/723fd59770dce1acc640c91300027643?s=96&d=mm&r=g","contentUrl":"https:\/\/secure.gravatar.com\/avatar\/723fd59770dce1acc640c91300027643?s=96&d=mm&r=g","caption":"annetted"},"url":"https:\/\/www.armaton.com\/sv\/author\/annetted\/"}]}},"_links":{"self":[{"href":"https:\/\/www.armaton.com\/sv\/wp-json\/wp\/v2\/posts\/4834","targetHints":{"allow":["GET"]}}],"collection":[{"href":"https:\/\/www.armaton.com\/sv\/wp-json\/wp\/v2\/posts"}],"about":[{"href":"https:\/\/www.armaton.com\/sv\/wp-json\/wp\/v2\/types\/post"}],"author":[{"embeddable":true,"href":"https:\/\/www.armaton.com\/sv\/wp-json\/wp\/v2\/users\/2"}],"replies":[{"embeddable":true,"href":"https:\/\/www.armaton.com\/sv\/wp-json\/wp\/v2\/comments?post=4834"}],"version-history":[{"count":15,"href":"https:\/\/www.armaton.com\/sv\/wp-json\/wp\/v2\/posts\/4834\/revisions"}],"predecessor-version":[{"id":4923,"href":"https:\/\/www.armaton.com\/sv\/wp-json\/wp\/v2\/posts\/4834\/revisions\/4923"}],"wp:featuredmedia":[{"embeddable":true,"href":"https:\/\/www.armaton.com\/sv\/wp-json\/wp\/v2\/media\/3266"}],"wp:attachment":[{"href":"https:\/\/www.armaton.com\/sv\/wp-json\/wp\/v2\/media?parent=4834"}],"wp:term":[{"taxonomy":"category","embeddable":true,"href":"https:\/\/www.armaton.com\/sv\/wp-json\/wp\/v2\/categories?post=4834"},{"taxonomy":"post_tag","embeddable":true,"href":"https:\/\/www.armaton.com\/sv\/wp-json\/wp\/v2\/tags?post=4834"}],"curies":[{"name":"wp","href":"https:\/\/api.w.org\/{rel}","templated":true}]}}